{"id":61061,"date":"2022-11-22T11:43:19","date_gmt":"2022-11-22T10:43:19","guid":{"rendered":"https:\/\/www.grupfotograficelgra.cat\/?p=61061"},"modified":"2022-11-22T11:43:57","modified_gmt":"2022-11-22T10:43:57","slug":"caminada-ermita-de-la-roser-cant-fonollet","status":"publish","type":"post","link":"https:\/\/www.grupfotograficelgra.cat\/?p=61061","title":{"rendered":"Caminada Ermita de la Roser Cant Fonollet"},"content":{"rendered":"\n\n\n<figure class=\"wp-block-image size-full\"><img loading=\"lazy\" decoding=\"async\" width=\"1280\" height=\"828\" src=\"https:\/\/www.grupfotograficelgra.cat\/wp-content\/uploads\/2022\/11\/01-Grupo-Ermita-de-la-Roser-Cant-Fonollet.jpg\" alt=\"\" class=\"wp-image-61062\" srcset=\"https:\/\/www.grupfotograficelgra.cat\/wp-content\/uploads\/2022\/11\/01-Grupo-Ermita-de-la-Roser-Cant-Fonollet.jpg 1280w, https:\/\/www.grupfotograficelgra.cat\/wp-content\/uploads\/2022\/11\/01-Grupo-Ermita-de-la-Roser-Cant-Fonollet-300x194.jpg 300w, https:\/\/www.grupfotograficelgra.cat\/wp-content\/uploads\/2022\/11\/01-Grupo-Ermita-de-la-Roser-Cant-Fonollet-768x497.jpg 768w\" sizes=\"auto, (max-width: 1280px) 100vw, 1280px\" \/><\/figure>\n\n\n\n<p><strong>1er Boni Mart\u00edn<\/strong><\/p>\n\n\n\n<figure class=\"wp-block-image size-full\"><img loading=\"lazy\" decoding=\"async\" width=\"800\" height=\"533\" src=\"https:\/\/www.grupfotograficelgra.cat\/wp-content\/uploads\/2022\/11\/1er-Boni-Martin.jpg\" alt=\"\" class=\"wp-image-61063\" srcset=\"https:\/\/www.grupfotograficelgra.cat\/wp-content\/uploads\/2022\/11\/1er-Boni-Martin.jpg 800w, https:\/\/www.grupfotograficelgra.cat\/wp-content\/uploads\/2022\/11\/1er-Boni-Martin-300x200.jpg 300w, https:\/\/www.grupfotograficelgra.cat\/wp-content\/uploads\/2022\/11\/1er-Boni-Martin-768x512.jpg 768w\" sizes=\"auto, (max-width: 800px) 100vw, 800px\" \/><\/figure>\n\n\n\n<p><strong>2on Pere Farr\u00e9<\/strong><\/p>\n\n\n\n<figure class=\"wp-block-image size-full\"><img loading=\"lazy\" decoding=\"async\" width=\"800\" height=\"533\" src=\"https:\/\/www.grupfotograficelgra.cat\/wp-content\/uploads\/2022\/11\/2on-Pere-Farre.jpg\" alt=\"\" class=\"wp-image-61064\" srcset=\"https:\/\/www.grupfotograficelgra.cat\/wp-content\/uploads\/2022\/11\/2on-Pere-Farre.jpg 800w, https:\/\/www.grupfotograficelgra.cat\/wp-content\/uploads\/2022\/11\/2on-Pere-Farre-300x200.jpg 300w, https:\/\/www.grupfotograficelgra.cat\/wp-content\/uploads\/2022\/11\/2on-Pere-Farre-768x512.jpg 768w\" sizes=\"auto, (max-width: 800px) 100vw, 800px\" \/><\/figure>\n\n\n\n<p><strong>3ra Adriana G\u00f3mez<\/strong><\/p>\n\n\n\n<figure class=\"wp-block-image size-full\"><img loading=\"lazy\" decoding=\"async\" width=\"800\" height=\"533\" src=\"https:\/\/www.grupfotograficelgra.cat\/wp-content\/uploads\/2022\/11\/3er-Adriana-Gomez.jpg\" alt=\"\" class=\"wp-image-61065\" srcset=\"https:\/\/www.grupfotograficelgra.cat\/wp-content\/uploads\/2022\/11\/3er-Adriana-Gomez.jpg 800w, https:\/\/www.grupfotograficelgra.cat\/wp-content\/uploads\/2022\/11\/3er-Adriana-Gomez-300x200.jpg 300w, https:\/\/www.grupfotograficelgra.cat\/wp-content\/uploads\/2022\/11\/3er-Adriana-Gomez-768x512.jpg 768w\" sizes=\"auto, (max-width: 800px) 100vw, 800px\" \/><\/figure>\n\n\n\n<p><strong>Resta de Fotos<\/strong><\/p>\n\n\n\nngg_shortcode_0_placeholder\n","protected":false},"excerpt":{"rendered":"<p>1er Boni Mart\u00edn 2on Pere Farr\u00e9 3ra Adriana G\u00f3mez Resta de Fotos<\/p>\n","protected":false},"author":1,"featured_media":61063,"comment_status":"closed","ping_status":"closed","sticky":false,"template":"","format":"standard","meta":{"ngg_post_thumbnail":0,"footnotes":""},"categories":[474,4,6,11],"tags":[505,24,132,31,44],"class_list":["post-61061","post","type-post","status-publish","format-standard","has-post-thumbnail","hentry","category-474","category-caminades","category-foto","category-sortim","tag-ermita-de-la-roser-cant-fonollet","tag-fotografia","tag-grup-fotografic-el-gra","tag-naturaleza","tag-sortides"],"_links":{"self":[{"href":"https:\/\/www.grupfotograficelgra.cat\/index.php?rest_route=\/wp\/v2\/posts\/61061","targetHints":{"allow":["GET"]}}],"collection":[{"href":"https:\/\/www.grupfotograficelgra.cat\/index.php?rest_route=\/wp\/v2\/posts"}],"about":[{"href":"https:\/\/www.grupfotograficelgra.cat\/index.php?rest_route=\/wp\/v2\/types\/post"}],"author":[{"embeddable":true,"href":"https:\/\/www.grupfotograficelgra.cat\/index.php?rest_route=\/wp\/v2\/users\/1"}],"replies":[{"embeddable":true,"href":"https:\/\/www.grupfotograficelgra.cat\/index.php?rest_route=%2Fwp%2Fv2%2Fcomments&post=61061"}],"version-history":[{"count":2,"href":"https:\/\/www.grupfotograficelgra.cat\/index.php?rest_route=\/wp\/v2\/posts\/61061\/revisions"}],"predecessor-version":[{"id":61073,"href":"https:\/\/www.grupfotograficelgra.cat\/index.php?rest_route=\/wp\/v2\/posts\/61061\/revisions\/61073"}],"wp:featuredmedia":[{"embeddable":true,"href":"https:\/\/www.grupfotograficelgra.cat\/index.php?rest_route=\/wp\/v2\/media\/61063"}],"wp:attachment":[{"href":"https:\/\/www.grupfotograficelgra.cat\/index.php?rest_route=%2Fwp%2Fv2%2Fmedia&parent=61061"}],"wp:term":[{"taxonomy":"category","embeddable":true,"href":"https:\/\/www.grupfotograficelgra.cat\/index.php?rest_route=%2Fwp%2Fv2%2Fcategories&post=61061"},{"taxonomy":"post_tag","embeddable":true,"href":"https:\/\/www.grupfotograficelgra.cat\/index.php?rest_route=%2Fwp%2Fv2%2Ftags&post=61061"}],"curies":[{"name":"wp","href":"https:\/\/api.w.org\/{rel}","templated":true}]}}